{"id":11351,"date":"2024-05-15T12:01:25","date_gmt":"2024-05-15T10:01:25","guid":{"rendered":"https:\/\/mit-simone-reisen.de\/?p=11351"},"modified":"2024-05-15T12:08:53","modified_gmt":"2024-05-15T10:08:53","slug":"reisebericht-costa-rica","status":"publish","type":"post","link":"https:\/\/mit-simone-reisen.de\/en_gb\/reisebericht-costa-rica\/","title":{"rendered":"Reisebericht Costa Rica 2024"},"content":{"rendered":"<p>Reisebericht Costa Rica 2024 von Eckhard und Cornelia Koch<\/p>\n<p>&nbsp;<\/p>\n<p>Costa Rica, ja wir waren sehr gespannt, was uns auf dieser Reise erwartet.<br \/>\nUnser Flug dauerte ca. 12 Stunden und die Spannung stieg weiter an.<\/p>\n<p>Die erste Station war Tortuguero &#8211; eine wundersch\u00f6ne Unterkunft mit einem tollen Park bzw. Garten. Uns wurden bei einer Tour Faultiere und Leguane in den B\u00e4umen gezeigt, auch viele bunte exotisch-bunte V\u00f6gel. Ein faszinierendes Erlebnis war unsere morgendliche Lagunentour, ja die Tiere sahen wir nicht sofort, aber der Guide war geduldig und sehr geschickt, uns eine \u201eBewusstseinserweiterung\u201c zu verschaffen.<\/p>\n<p><img fetchpriority=\"high\" decoding=\"async\" class=\"size-medium wp-image-11355 aligncenter\" src=\"https:\/\/mit-simone-reisen.de\/wp-content\/uploads\/2024\/05\/CCGruppe-Strand-Baum-300x169.jpg\" alt=\"\" width=\"300\" height=\"169\" srcset=\"https:\/\/mit-simone-reisen.de\/wp-content\/uploads\/2024\/05\/CCGruppe-Strand-Baum-300x169.jpg 300w, https:\/\/mit-simone-reisen.de\/wp-content\/uploads\/2024\/05\/CCGruppe-Strand-Baum-1024x576.jpg 1024w, https:\/\/mit-simone-reisen.de\/wp-content\/uploads\/2024\/05\/CCGruppe-Strand-Baum-768x432.jpg 768w, https:\/\/mit-simone-reisen.de\/wp-content\/uploads\/2024\/05\/CCGruppe-Strand-Baum-1536x864.jpg 1536w, https:\/\/mit-simone-reisen.de\/wp-content\/uploads\/2024\/05\/CCGruppe-Strand-Baum-18x10.jpg 18w, https:\/\/mit-simone-reisen.de\/wp-content\/uploads\/2024\/05\/CCGruppe-Strand-Baum.jpg 2048w\" sizes=\"(max-width: 300px) 100vw, 300px\" \/><\/p>\n<p>Unsere n\u00e4chste Lodge war Selva Bananito. Ein Projekt f\u00fcr die Erhaltung des Regenwaldes, eine Wanderung im Dschungel- eine weitere tolle Erfahrung mit Erkl\u00e4rungen zu sehr alten B\u00e4umen, anderen Pflanzen und wieder viele Tiere, die einen immer wieder ein erstauntes \u201eWOW\u201c entlocken. Ja, und der Regenwald macht seinem Namen voll die Ehre, wandern bei einem warmen Regenguss. Man ist in seine Kindheit zur\u00fcckversetzt. Die Speisen waren vielseitig vegetarisch und karibisch, schlafen in einem super Haus bei offenen T\u00fcren und Fenstern mitten im Dschungel. Geweckt wird man von den Br\u00fcllaffen, den schwirrenden Kolibris\u2026<\/p>\n<p>Nun ging es weiter direkt an die Karibik-K\u00fcste nach Cahuita, ein Nationalpark grenzt an den anderen, ein Bad im Meer, aber Achtung: es gibt starke Str\u00f6mungen, und viel Musik in den Caf\u00e9s. Das Leben spielt sich unter freiem Himmel ab. Die Hotelgastgeber und die einheimischen Menschen sind ausgesprochen freundlich. Man f\u00fchlt sich sauwohl und das Klischee der Karibik wurde voll und ganz best\u00e4tigt!!!<\/p>\n<p style=\"padding-left: 240px;\"><img decoding=\"async\" class=\"alignnone size-medium wp-image-11360\" src=\"https:\/\/mit-simone-reisen.de\/wp-content\/uploads\/2024\/05\/CCKaribik-300x169.jpg\" alt=\"\" width=\"300\" height=\"169\" srcset=\"https:\/\/mit-simone-reisen.de\/wp-content\/uploads\/2024\/05\/CCKaribik-300x169.jpg 300w, https:\/\/mit-simone-reisen.de\/wp-content\/uploads\/2024\/05\/CCKaribik-1024x576.jpg 1024w, https:\/\/mit-simone-reisen.de\/wp-content\/uploads\/2024\/05\/CCKaribik-768x432.jpg 768w, https:\/\/mit-simone-reisen.de\/wp-content\/uploads\/2024\/05\/CCKaribik-1536x864.jpg 1536w, https:\/\/mit-simone-reisen.de\/wp-content\/uploads\/2024\/05\/CCKaribik-2048x1152.jpg 2048w, https:\/\/mit-simone-reisen.de\/wp-content\/uploads\/2024\/05\/CCKaribik-18x10.jpg 18w\" sizes=\"(max-width: 300px) 100vw, 300px\" \/><\/p>\n<p>Weiterfahrt nach Sarapiqui in die Suizo Loco Lodge &#8211; wieder eine Wohlf\u00fchloase.<br \/>\nAuf unserem weiteren Trip genossen wir eine Schokoladentour &#8211; mein Gott &#8211; war das lecker!<br \/>\nAuf der Ananas-Tour erfuhren wir ganz viel \u00fcber den Anbau und den super Geschmack dieser exotischen Fr\u00fcchte, frisch geerntet. Unser Kopf ist rund und wir konnten die Perspektive \u00e4ndern. Was sollten wir als Europ\u00e4er beim Sch\u00e4len, beim Anrichten cleverer machen. Ja man lernt st\u00e4ndig etwas dazu.<\/p>\n<p>La Fortuna, der schlafende Vulkan ARENAL ist in Sicht und das First Class Hotel Tabac\u00f3n unsere gediegene Location. Nun l\u00f6ste ein Highlight das n\u00e4chste ab.<br \/>\nEine Wanderung mit unserem Guide Serafino auf den Vulkan ARENAL war schwei\u00dftreibend aber wundersch\u00f6n, auch etwas anstrengend. Flora und Fauna sind beeindruckend und diese Tour m\u00f6chten wir nicht missen. Entspannung fanden wir in den Thermalquellen.<\/p>\n<p><img decoding=\"async\" class=\"size-medium wp-image-11361 aligncenter\" src=\"https:\/\/mit-simone-reisen.de\/wp-content\/uploads\/2024\/05\/CC-Gruppe-am-Vulkan-300x169.jpg\" alt=\"\" width=\"300\" height=\"169\" srcset=\"https:\/\/mit-simone-reisen.de\/wp-content\/uploads\/2024\/05\/CC-Gruppe-am-Vulkan-300x169.jpg 300w, https:\/\/mit-simone-reisen.de\/wp-content\/uploads\/2024\/05\/CC-Gruppe-am-Vulkan-1024x576.jpg 1024w, https:\/\/mit-simone-reisen.de\/wp-content\/uploads\/2024\/05\/CC-Gruppe-am-Vulkan-768x432.jpg 768w, https:\/\/mit-simone-reisen.de\/wp-content\/uploads\/2024\/05\/CC-Gruppe-am-Vulkan-1536x864.jpg 1536w, https:\/\/mit-simone-reisen.de\/wp-content\/uploads\/2024\/05\/CC-Gruppe-am-Vulkan-2048x1152.jpg 2048w, https:\/\/mit-simone-reisen.de\/wp-content\/uploads\/2024\/05\/CC-Gruppe-am-Vulkan-18x10.jpg 18w\" sizes=\"(max-width: 300px) 100vw, 300px\" \/><\/p>\n<p>&nbsp;<\/p>\n<p>Schmetterlinge in einem tollen Areal sind eine super sch\u00f6ne Erfahrung. Es ist alles so nat\u00fcrlich und exotisch.<br \/>\nMonteverde\/ Santa Elena Reservat &#8211; der Nebelwald machte seinem Namen alle Ehre. Wir haben zwei !!! Quetzale gesehen. Das sind die \u201eG\u00f6tterv\u00f6gel\u201c der Inkas. Aber auch die anderen V\u00f6gel lie\u00dfen uns ahnen, so muss es im Paradies aussehen<br \/>\nDie Riesen-Farne, hohe alte Baumriesen, Orchideen\u2026 Begeisterung pur!<br \/>\nJa und die Tour \u00fcber die 8 H\u00e4ngebr\u00fccken war ebenso wunderbar. Einfach stehenbleiben, schauen, lauschen. Und 1560 Fotos!<\/p>\n<p>&nbsp;<\/p>\n<p style=\"padding-left: 240px;\"><img loading=\"lazy\" decoding=\"async\" class=\"size-medium wp-image-11356 alignright\" src=\"https:\/\/mit-simone-reisen.de\/wp-content\/uploads\/2024\/05\/CCRegenwaldbruecke-169x300.jpg\" alt=\"\" width=\"169\" height=\"300\" srcset=\"https:\/\/mit-simone-reisen.de\/wp-content\/uploads\/2024\/05\/CCRegenwaldbruecke-169x300.jpg 169w, https:\/\/mit-simone-reisen.de\/wp-content\/uploads\/2024\/05\/CCRegenwaldbruecke-576x1024.jpg 576w, https:\/\/mit-simone-reisen.de\/wp-content\/uploads\/2024\/05\/CCRegenwaldbruecke-768x1365.jpg 768w, https:\/\/mit-simone-reisen.de\/wp-content\/uploads\/2024\/05\/CCRegenwaldbruecke-864x1536.jpg 864w, https:\/\/mit-simone-reisen.de\/wp-content\/uploads\/2024\/05\/CCRegenwaldbruecke-1152x2048.jpg 1152w, https:\/\/mit-simone-reisen.de\/wp-content\/uploads\/2024\/05\/CCRegenwaldbruecke-7x12.jpg 7w, https:\/\/mit-simone-reisen.de\/wp-content\/uploads\/2024\/05\/CCRegenwaldbruecke-scaled.jpg 1440w\" sizes=\"(max-width: 169px) 100vw, 169px\" \/><\/p>\n<p>Wir haben kr\u00e4ftig geschwitzt, sehr viel gesehen und erlebt. Unsere letzte Unterkunft war direkt an der n\u00f6rdlichen Pazifikk\u00fcste von Costa Rica -Playa Hermosa- im Bosque del Mar Hotel. Alles wie ein Traum: Das Hotel befindet sich direkt am Strand mit Liegen, Schatten spendenden Palmen und das Meer war 31 Grad Celsius warm, die Sonne mit maximaler Strahlung- also hoher Sonnenschutzfaktor!<\/p>\n<p>Die Leguane liefen auf den Wegen, morgens Erweckung durch die Br\u00fcllaffen, ja und ein kr\u00e4ftiger tropischer Regenguss rundete unseren Aufenthalt beim Sundowner ab.<br \/>\nEin wundervoller, super toller Aufenthalt in dem sch\u00f6nen Land Costa Rica.<br \/>\nSimone, vielen lieben Dank f\u00fcr deine Vorbereitungen, die Betreuung w\u00e4hrend der Rundreise und auch auf unserer Heimreise. Wir sind sowas von gl\u00fccklich und zufrieden. DANKE, DANKE, DANKE!!!<\/p>","protected":false},"excerpt":{"rendered":"<p>Reisebericht Costa Rica 2024 von Eckhard und Cornelia Koch &nbsp; Costa Rica, ja wir waren sehr gespannt, was uns auf dieser Reise erwartet. Unser Flug dauerte ca. 12 Stunden und die Spannung stieg weiter an. Die erste Station war Tortuguero &#8211; eine wundersch\u00f6ne Unterkunft mit einem tollen Park bzw. Garten. Uns wurden bei einer Tour [&hellip;]<\/p>\n","protected":false},"author":7,"featured_media":11358,"comment_status":"open","ping_status":"open","sticky":false,"template":"","format":"standard","meta":{"site-sidebar-layout":"default","site-content-layout":"","ast-site-content-layout":"default","site-content-style":"default","site-sidebar-style":"default","ast-global-header-display":"","ast-banner-title-visibility":"","ast-main-header-display":"","ast-hfb-above-header-display":"","ast-hfb-below-header-display":"","ast-hfb-mobile-header-display":"","site-post-title":"","ast-breadcrumbs-content":"","ast-featured-img":"","footer-sml-layout":"","ast-disable-related-posts":"","theme-transparent-header-meta":"default","adv-header-id-meta":"","stick-header-meta":"","header-above-stick-meta":"","header-main-stick-meta":"","header-below-stick-meta":"","astra-migrate-meta-layouts":"set","ast-page-background-enabled":"default","ast-page-background-meta":{"desktop":{"background-color":"","background-image":"","background-repeat":"repeat","background-position":"center center","background-size":"auto","background-attachment":"scroll","background-type":"","background-media":"","overlay-type":"","overlay-color":"","overlay-opacity":"","overlay-gradient":""},"tablet":{"background-color":"","background-image":"","background-repeat":"repeat","background-position":"center center","background-size":"auto","background-attachment":"scroll","background-type":"","background-media":"","overlay-type":"","overlay-color":"","overlay-opacity":"","overlay-gradient":""},"mobile":{"background-color":"","background-image":"","background-repeat":"repeat","background-position":"center center","background-size":"auto","background-attachment":"scroll","background-type":"","background-media":"","overlay-type":"","overlay-color":"","overlay-opacity":"","overlay-gradient":""}},"ast-content-background-meta":{"desktop":{"background-color":"var(--ast-global-color-5)","background-image":"","background-repeat":"repeat","background-position":"center center","background-size":"auto","background-attachment":"scroll","background-type":"","background-media":"","overlay-type":"","overlay-color":"","overlay-opacity":"","overlay-gradient":""},"tablet":{"background-color":"var(--ast-global-color-5)","background-image":"","background-repeat":"repeat","background-position":"center center","background-size":"auto","background-attachment":"scroll","background-type":"","background-media":"","overlay-type":"","overlay-color":"","overlay-opacity":"","overlay-gradient":""},"mobile":{"background-color":"var(--ast-global-color-5)","background-image":"","background-repeat":"repeat","background-position":"center center","background-size":"auto","background-attachment":"scroll","background-type":"","background-media":"","overlay-type":"","overlay-color":"","overlay-opacity":"","overlay-gradient":""}},"footnotes":""},"categories":[15],"tags":[],"class_list":["post-11351","post","type-post","status-publish","format-standard","has-post-thumbnail","hentry","category-infos"],"yoast_head":"<!-- This site is optimized with the Yoast SEO plugin v27.4 - https:\/\/yoast.com\/product\/yoast-seo-wordpress\/ -->\n<title>Reisebericht Costa Rica 2024 - Mit Simone reisen!<\/title>\n<meta name=\"robots\" content=\"index, follow, max-snippet:-1, max-image-preview:large, max-video-preview:-1\" \/>\n<link rel=\"canonical\" href=\"https:\/\/mit-simone-reisen.de\/en_gb\/reisebericht-costa-rica\/\" \/>\n<meta property=\"og:locale\" content=\"en_GB\" \/>\n<meta property=\"og:type\" content=\"article\" \/>\n<meta property=\"og:title\" content=\"Reisebericht Costa Rica 2024 - Mit Simone reisen!\" \/>\n<meta property=\"og:description\" content=\"Reisebericht Costa Rica 2024 von Eckhard und Cornelia Koch &nbsp; Costa Rica, ja wir waren sehr gespannt, was uns auf dieser Reise erwartet. Unser Flug dauerte ca. 12 Stunden und die Spannung stieg weiter an. Die erste Station war Tortuguero &#8211; eine wundersch\u00f6ne Unterkunft mit einem tollen Park bzw. Garten. Uns wurden bei einer Tour [&hellip;]\" \/>\n<meta property=\"og:url\" content=\"https:\/\/mit-simone-reisen.de\/en_gb\/reisebericht-costa-rica\/\" \/>\n<meta property=\"og:site_name\" content=\"Mit Simone reisen!\" \/>\n<meta property=\"article:published_time\" content=\"2024-05-15T10:01:25+00:00\" \/>\n<meta property=\"article:modified_time\" content=\"2024-05-15T10:08:53+00:00\" \/>\n<meta property=\"og:image\" content=\"https:\/\/mit-simone-reisen.de\/wp-content\/uploads\/2024\/05\/CCBluejeans-Frosch.jpg\" \/>\n\t<meta property=\"og:image:width\" content=\"1600\" \/>\n\t<meta property=\"og:image:height\" content=\"1201\" \/>\n\t<meta property=\"og:image:type\" content=\"image\/jpeg\" \/>\n<meta name=\"author\" content=\"Simone Fischer\" \/>\n<meta name=\"twitter:card\" content=\"summary_large_image\" \/>\n<meta name=\"twitter:label1\" content=\"Written by\" \/>\n\t<meta name=\"twitter:data1\" content=\"Simone Fischer\" \/>\n\t<meta name=\"twitter:label2\" content=\"Estimated reading time\" \/>\n\t<meta name=\"twitter:data2\" content=\"3 minutes\" \/>\n<script type=\"application\/ld+json\" class=\"yoast-schema-graph\">{\"@context\":\"https:\\\/\\\/schema.org\",\"@graph\":[{\"@type\":\"Article\",\"@id\":\"https:\\\/\\\/mit-simone-reisen.de\\\/reisebericht-costa-rica\\\/#article\",\"isPartOf\":{\"@id\":\"https:\\\/\\\/mit-simone-reisen.de\\\/reisebericht-costa-rica\\\/\"},\"author\":{\"name\":\"Simone Fischer\",\"@id\":\"https:\\\/\\\/mit-simone-reisen.de\\\/#\\\/schema\\\/person\\\/201c9c34cd9706e0db2b4115173cfc17\"},\"headline\":\"Reisebericht Costa Rica 2024\",\"datePublished\":\"2024-05-15T10:01:25+00:00\",\"dateModified\":\"2024-05-15T10:08:53+00:00\",\"mainEntityOfPage\":{\"@id\":\"https:\\\/\\\/mit-simone-reisen.de\\\/reisebericht-costa-rica\\\/\"},\"wordCount\":625,\"commentCount\":0,\"publisher\":{\"@id\":\"https:\\\/\\\/mit-simone-reisen.de\\\/#organization\"},\"image\":{\"@id\":\"https:\\\/\\\/mit-simone-reisen.de\\\/reisebericht-costa-rica\\\/#primaryimage\"},\"thumbnailUrl\":\"https:\\\/\\\/mit-simone-reisen.de\\\/wp-content\\\/uploads\\\/2024\\\/05\\\/CCBluejeans-Frosch.jpg\",\"articleSection\":[\"Infos\"],\"inLanguage\":\"en-GB\",\"potentialAction\":[{\"@type\":\"CommentAction\",\"name\":\"Comment\",\"target\":[\"https:\\\/\\\/mit-simone-reisen.de\\\/reisebericht-costa-rica\\\/#respond\"]}]},{\"@type\":\"WebPage\",\"@id\":\"https:\\\/\\\/mit-simone-reisen.de\\\/reisebericht-costa-rica\\\/\",\"url\":\"https:\\\/\\\/mit-simone-reisen.de\\\/reisebericht-costa-rica\\\/\",\"name\":\"Reisebericht Costa Rica 2024 - Mit Simone reisen!\",\"isPartOf\":{\"@id\":\"https:\\\/\\\/mit-simone-reisen.de\\\/#website\"},\"primaryImageOfPage\":{\"@id\":\"https:\\\/\\\/mit-simone-reisen.de\\\/reisebericht-costa-rica\\\/#primaryimage\"},\"image\":{\"@id\":\"https:\\\/\\\/mit-simone-reisen.de\\\/reisebericht-costa-rica\\\/#primaryimage\"},\"thumbnailUrl\":\"https:\\\/\\\/mit-simone-reisen.de\\\/wp-content\\\/uploads\\\/2024\\\/05\\\/CCBluejeans-Frosch.jpg\",\"datePublished\":\"2024-05-15T10:01:25+00:00\",\"dateModified\":\"2024-05-15T10:08:53+00:00\",\"breadcrumb\":{\"@id\":\"https:\\\/\\\/mit-simone-reisen.de\\\/reisebericht-costa-rica\\\/#breadcrumb\"},\"inLanguage\":\"en-GB\",\"potentialAction\":[{\"@type\":\"ReadAction\",\"target\":[\"https:\\\/\\\/mit-simone-reisen.de\\\/reisebericht-costa-rica\\\/\"]}]},{\"@type\":\"ImageObject\",\"inLanguage\":\"en-GB\",\"@id\":\"https:\\\/\\\/mit-simone-reisen.de\\\/reisebericht-costa-rica\\\/#primaryimage\",\"url\":\"https:\\\/\\\/mit-simone-reisen.de\\\/wp-content\\\/uploads\\\/2024\\\/05\\\/CCBluejeans-Frosch.jpg\",\"contentUrl\":\"https:\\\/\\\/mit-simone-reisen.de\\\/wp-content\\\/uploads\\\/2024\\\/05\\\/CCBluejeans-Frosch.jpg\",\"width\":1600,\"height\":1201},{\"@type\":\"BreadcrumbList\",\"@id\":\"https:\\\/\\\/mit-simone-reisen.de\\\/reisebericht-costa-rica\\\/#breadcrumb\",\"itemListElement\":[{\"@type\":\"ListItem\",\"position\":1,\"name\":\"Startseite\",\"item\":\"https:\\\/\\\/mit-simone-reisen.de\\\/\"},{\"@type\":\"ListItem\",\"position\":2,\"name\":\"Reisebericht Costa Rica 2024\"}]},{\"@type\":\"WebSite\",\"@id\":\"https:\\\/\\\/mit-simone-reisen.de\\\/#website\",\"url\":\"https:\\\/\\\/mit-simone-reisen.de\\\/\",\"name\":\"Mit Simone reisen!\",\"description\":\"\",\"publisher\":{\"@id\":\"https:\\\/\\\/mit-simone-reisen.de\\\/#organization\"},\"potentialAction\":[{\"@type\":\"SearchAction\",\"target\":{\"@type\":\"EntryPoint\",\"urlTemplate\":\"https:\\\/\\\/mit-simone-reisen.de\\\/?s={search_term_string}\"},\"query-input\":{\"@type\":\"PropertyValueSpecification\",\"valueRequired\":true,\"valueName\":\"search_term_string\"}}],\"inLanguage\":\"en-GB\"},{\"@type\":\"Organization\",\"@id\":\"https:\\\/\\\/mit-simone-reisen.de\\\/#organization\",\"name\":\"Mit Simone reisen!\",\"url\":\"https:\\\/\\\/mit-simone-reisen.de\\\/\",\"logo\":{\"@type\":\"ImageObject\",\"inLanguage\":\"en-GB\",\"@id\":\"https:\\\/\\\/mit-simone-reisen.de\\\/#\\\/schema\\\/logo\\\/image\\\/\",\"url\":\"https:\\\/\\\/mit-simone-reisen.de\\\/wp-content\\\/uploads\\\/2022\\\/02\\\/Bildschirmfoto-2022-02-20-um-14.58.58.png\",\"contentUrl\":\"https:\\\/\\\/mit-simone-reisen.de\\\/wp-content\\\/uploads\\\/2022\\\/02\\\/Bildschirmfoto-2022-02-20-um-14.58.58.png\",\"width\":744,\"height\":356,\"caption\":\"Mit Simone reisen!\"},\"image\":{\"@id\":\"https:\\\/\\\/mit-simone-reisen.de\\\/#\\\/schema\\\/logo\\\/image\\\/\"}},{\"@type\":\"Person\",\"@id\":\"https:\\\/\\\/mit-simone-reisen.de\\\/#\\\/schema\\\/person\\\/201c9c34cd9706e0db2b4115173cfc17\",\"name\":\"Simone Fischer\"}]}<\/script>\n<!-- \/ Yoast SEO plugin. -->","yoast_head_json":{"title":"Reisebericht Costa Rica 2024 - Mit Simone reisen!","robots":{"index":"index","follow":"follow","max-snippet":"max-snippet:-1","max-image-preview":"max-image-preview:large","max-video-preview":"max-video-preview:-1"},"canonical":"https:\/\/mit-simone-reisen.de\/en_gb\/reisebericht-costa-rica\/","og_locale":"en_GB","og_type":"article","og_title":"Reisebericht Costa Rica 2024 - Mit Simone reisen!","og_description":"Reisebericht Costa Rica 2024 von Eckhard und Cornelia Koch &nbsp; Costa Rica, ja wir waren sehr gespannt, was uns auf dieser Reise erwartet. Unser Flug dauerte ca. 12 Stunden und die Spannung stieg weiter an. Die erste Station war Tortuguero &#8211; eine wundersch\u00f6ne Unterkunft mit einem tollen Park bzw. Garten. Uns wurden bei einer Tour [&hellip;]","og_url":"https:\/\/mit-simone-reisen.de\/en_gb\/reisebericht-costa-rica\/","og_site_name":"Mit Simone reisen!","article_published_time":"2024-05-15T10:01:25+00:00","article_modified_time":"2024-05-15T10:08:53+00:00","og_image":[{"width":1600,"height":1201,"url":"https:\/\/mit-simone-reisen.de\/wp-content\/uploads\/2024\/05\/CCBluejeans-Frosch.jpg","type":"image\/jpeg"}],"author":"Simone Fischer","twitter_card":"summary_large_image","twitter_misc":{"Written by":"Simone Fischer","Estimated reading time":"3 minutes"},"schema":{"@context":"https:\/\/schema.org","@graph":[{"@type":"Article","@id":"https:\/\/mit-simone-reisen.de\/reisebericht-costa-rica\/#article","isPartOf":{"@id":"https:\/\/mit-simone-reisen.de\/reisebericht-costa-rica\/"},"author":{"name":"Simone Fischer","@id":"https:\/\/mit-simone-reisen.de\/#\/schema\/person\/201c9c34cd9706e0db2b4115173cfc17"},"headline":"Reisebericht Costa Rica 2024","datePublished":"2024-05-15T10:01:25+00:00","dateModified":"2024-05-15T10:08:53+00:00","mainEntityOfPage":{"@id":"https:\/\/mit-simone-reisen.de\/reisebericht-costa-rica\/"},"wordCount":625,"commentCount":0,"publisher":{"@id":"https:\/\/mit-simone-reisen.de\/#organization"},"image":{"@id":"https:\/\/mit-simone-reisen.de\/reisebericht-costa-rica\/#primaryimage"},"thumbnailUrl":"https:\/\/mit-simone-reisen.de\/wp-content\/uploads\/2024\/05\/CCBluejeans-Frosch.jpg","articleSection":["Infos"],"inLanguage":"en-GB","potentialAction":[{"@type":"CommentAction","name":"Comment","target":["https:\/\/mit-simone-reisen.de\/reisebericht-costa-rica\/#respond"]}]},{"@type":"WebPage","@id":"https:\/\/mit-simone-reisen.de\/reisebericht-costa-rica\/","url":"https:\/\/mit-simone-reisen.de\/reisebericht-costa-rica\/","name":"Reisebericht Costa Rica 2024 - Mit Simone reisen!","isPartOf":{"@id":"https:\/\/mit-simone-reisen.de\/#website"},"primaryImageOfPage":{"@id":"https:\/\/mit-simone-reisen.de\/reisebericht-costa-rica\/#primaryimage"},"image":{"@id":"https:\/\/mit-simone-reisen.de\/reisebericht-costa-rica\/#primaryimage"},"thumbnailUrl":"https:\/\/mit-simone-reisen.de\/wp-content\/uploads\/2024\/05\/CCBluejeans-Frosch.jpg","datePublished":"2024-05-15T10:01:25+00:00","dateModified":"2024-05-15T10:08:53+00:00","breadcrumb":{"@id":"https:\/\/mit-simone-reisen.de\/reisebericht-costa-rica\/#breadcrumb"},"inLanguage":"en-GB","potentialAction":[{"@type":"ReadAction","target":["https:\/\/mit-simone-reisen.de\/reisebericht-costa-rica\/"]}]},{"@type":"ImageObject","inLanguage":"en-GB","@id":"https:\/\/mit-simone-reisen.de\/reisebericht-costa-rica\/#primaryimage","url":"https:\/\/mit-simone-reisen.de\/wp-content\/uploads\/2024\/05\/CCBluejeans-Frosch.jpg","contentUrl":"https:\/\/mit-simone-reisen.de\/wp-content\/uploads\/2024\/05\/CCBluejeans-Frosch.jpg","width":1600,"height":1201},{"@type":"BreadcrumbList","@id":"https:\/\/mit-simone-reisen.de\/reisebericht-costa-rica\/#breadcrumb","itemListElement":[{"@type":"ListItem","position":1,"name":"Startseite","item":"https:\/\/mit-simone-reisen.de\/"},{"@type":"ListItem","position":2,"name":"Reisebericht Costa Rica 2024"}]},{"@type":"WebSite","@id":"https:\/\/mit-simone-reisen.de\/#website","url":"https:\/\/mit-simone-reisen.de\/","name":"travel with simone!","description":"","publisher":{"@id":"https:\/\/mit-simone-reisen.de\/#organization"},"potentialAction":[{"@type":"SearchAction","target":{"@type":"EntryPoint","urlTemplate":"https:\/\/mit-simone-reisen.de\/?s={search_term_string}"},"query-input":{"@type":"PropertyValueSpecification","valueRequired":true,"valueName":"search_term_string"}}],"inLanguage":"en-GB"},{"@type":"Organization","@id":"https:\/\/mit-simone-reisen.de\/#organization","name":"travel with simone!","url":"https:\/\/mit-simone-reisen.de\/","logo":{"@type":"ImageObject","inLanguage":"en-GB","@id":"https:\/\/mit-simone-reisen.de\/#\/schema\/logo\/image\/","url":"https:\/\/mit-simone-reisen.de\/wp-content\/uploads\/2022\/02\/Bildschirmfoto-2022-02-20-um-14.58.58.png","contentUrl":"https:\/\/mit-simone-reisen.de\/wp-content\/uploads\/2022\/02\/Bildschirmfoto-2022-02-20-um-14.58.58.png","width":744,"height":356,"caption":"Mit Simone reisen!"},"image":{"@id":"https:\/\/mit-simone-reisen.de\/#\/schema\/logo\/image\/"}},{"@type":"Person","@id":"https:\/\/mit-simone-reisen.de\/#\/schema\/person\/201c9c34cd9706e0db2b4115173cfc17","name":"Simone Fischer"}]}},"_links":{"self":[{"href":"https:\/\/mit-simone-reisen.de\/en_gb\/wp-json\/wp\/v2\/posts\/11351","targetHints":{"allow":["GET"]}}],"collection":[{"href":"https:\/\/mit-simone-reisen.de\/en_gb\/wp-json\/wp\/v2\/posts"}],"about":[{"href":"https:\/\/mit-simone-reisen.de\/en_gb\/wp-json\/wp\/v2\/types\/post"}],"author":[{"embeddable":true,"href":"https:\/\/mit-simone-reisen.de\/en_gb\/wp-json\/wp\/v2\/users\/7"}],"replies":[{"embeddable":true,"href":"https:\/\/mit-simone-reisen.de\/en_gb\/wp-json\/wp\/v2\/comments?post=11351"}],"version-history":[{"count":7,"href":"https:\/\/mit-simone-reisen.de\/en_gb\/wp-json\/wp\/v2\/posts\/11351\/revisions"}],"predecessor-version":[{"id":11366,"href":"https:\/\/mit-simone-reisen.de\/en_gb\/wp-json\/wp\/v2\/posts\/11351\/revisions\/11366"}],"wp:featuredmedia":[{"embeddable":true,"href":"https:\/\/mit-simone-reisen.de\/en_gb\/wp-json\/wp\/v2\/media\/11358"}],"wp:attachment":[{"href":"https:\/\/mit-simone-reisen.de\/en_gb\/wp-json\/wp\/v2\/media?parent=11351"}],"wp:term":[{"taxonomy":"category","embeddable":true,"href":"https:\/\/mit-simone-reisen.de\/en_gb\/wp-json\/wp\/v2\/categories?post=11351"},{"taxonomy":"post_tag","embeddable":true,"href":"https:\/\/mit-simone-reisen.de\/en_gb\/wp-json\/wp\/v2\/tags?post=11351"}],"curies":[{"name":"wp","href":"https:\/\/api.w.org\/{rel}","templated":true}]}}