{"id":10499,"date":"2022-02-28T15:31:38","date_gmt":"2022-02-28T14:31:38","guid":{"rendered":"https:\/\/mit-simone-reisen.de\/?p=10499"},"modified":"2024-05-13T12:04:40","modified_gmt":"2024-05-13T10:04:40","slug":"reisebericht-blaue-reise-kroatien-auf-der-ms-sagena","status":"publish","type":"post","link":"https:\/\/mit-simone-reisen.de\/en_gb\/reisebericht-blaue-reise-kroatien-auf-der-ms-sagena\/","title":{"rendered":"Reisebericht \u201eBlaue Reise\u201c Kroatien auf der MS\u2013Sagena"},"content":{"rendered":"<p>Zu dieser Reise gekommen, bin ich \u201ewie die Jungfrau zum Kind\u201c, sagt man so sch\u00f6n. Man musste mich lange \u00fcberreden, diese Reise in Vertretung von Herrn Kaiser zu \u00fcbernehmen, galt ich doch weder als \u201eWasserratte\u201c, noch Kroatien-Fan. Das sollte sich \u00e4ndern\u2026.<\/p>\n<p>Nun ja eine \u201eWasserratte\u201c bin ich bis heute nicht, aber das Wasser kann man bei dieser Reiseform auch au\u00dferhalb genie\u00dfen, ohne dass es etwas von seiner Faszination einb\u00fc\u00dft. Und etwas Kroatien kann man so ganz nebenbei kennen- und lieben lernen.<\/p>\n<p>Nach der \u201eCorona-Tour\u201c im August 2020, folgte die Tour 2021 und der Entschluss stand ziemlich schnell fest, das machen wir nun jedes Jahr im August \u2013 ganz abseits von Corona!<\/p>\n<p>Abgeholt wird man in Th\u00fcringen entlang der Autobahn und wir fahren mit unserem Partnerunternehmen KomBus zum Flughafen ( Bisher Frankfurt, 2022 mal Berlin) zum Direktflug nach Zadar.<\/p>\n<p>Nach einem kurzen Transfer zum Hafen von Zadar, empf\u00e4ngt uns die Crew und Kapit\u00e4n Jo\u0161ko, der Eigent\u00fcmer des 31m langen Motorseglers SAGENA.<\/p>\n<p>Das beliebte und super gepflegte Holzschiff besitzt 8 komfortabel-praktische Kabinen, die alle \u00fcber eine Klimaanlage, WLAN und nat\u00fcrlich \u00fcber eine eigene Dusche und WC verf\u00fcgen.<\/p>\n<p>Fr\u00fchst\u00fcck gibt\u2019s 8:00 Uhr an Deck und die Halbpension in Form eines Mittagessens gibt\u2019s ebenfalls auf dem Schiff. So bleibt am Sp\u00e4tnachmittag noch gen\u00fcgend Zeit und Mu\u00dfe, auch mal die lokalen K\u00f6stlichkeiten an Land zu probieren. Oder auch nur auf ein Eis durch die h\u00fcbschen Hafenst\u00e4dtchen zu flanieren.<\/p>\n<p>Wir fahren mit unserem Kapit\u00e4n Jo\u0161ko eine Woche die Nord- und eine Woche die S\u00fcdroute. Das kann aber leider nicht garantiert werden, weil das Wetter manchmal die Pl\u00e4ne durchkreuzt. Dann obliegt dem Kapit\u00e4n das letzte Wort, die geplante Route etwas abzu\u00e4ndern. Das wird den Genuss der Reise aber auf keinen Fall schm\u00e4lern.<\/p>\n<p>Auf Nordkurs besuchen wir die Inseln Cres, Rab, Krk und Olib bzw. Losinj, wenn m\u00f6glich auch die ber\u00fchmt- ber\u00fcchtigte Gef\u00e4ngnisinsel Goli Otok. Auf S\u00fcdkurs stehen Split, Brac mit goldenem Horn, Trogir und der Krka Nationalpark auf dem Plan<\/p>\n<p>Die romantische Inselwelt des Kornati Nationalparks steht auf beiden Routen im Programm.<\/p>\n<p>Auf Grund des kleinen handverlesenen Teilnehmerkreises ist eine <strong>fr\u00fchzeitige Anmeldung unabdingbar<\/strong>. Zeitiges Buchen sichert die beste Auswahl der Tour und der Kabinen.<\/p>","protected":false},"excerpt":{"rendered":"<p>Zu dieser Reise gekommen, bin ich \u201ewie die Jungfrau zum Kind\u201c, sagt man so sch\u00f6n. Man musste mich lange \u00fcberreden, diese Reise in Vertretung von Herrn Kaiser zu \u00fcbernehmen, galt ich doch weder als \u201eWasserratte\u201c, noch Kroatien-Fan. Das sollte sich \u00e4ndern\u2026. Nun ja eine \u201eWasserratte\u201c bin ich bis heute nicht, aber das Wasser kann man [&hellip;]<\/p>\n","protected":false},"author":1,"featured_media":11098,"comment_status":"open","ping_status":"open","sticky":false,"template":"","format":"standard","meta":{"site-sidebar-layout":"default","site-content-layout":"default","ast-site-content-layout":"default","site-content-style":"default","site-sidebar-style":"default","ast-global-header-display":"","ast-banner-title-visibility":"","ast-main-header-display":"","ast-hfb-above-header-display":"","ast-hfb-below-header-display":"","ast-hfb-mobile-header-display":"","site-post-title":"","ast-breadcrumbs-content":"","ast-featured-img":"","footer-sml-layout":"","ast-disable-related-posts":"","theme-transparent-header-meta":"default","adv-header-id-meta":"","stick-header-meta":"","header-above-stick-meta":"","header-main-stick-meta":"","header-below-stick-meta":"","astra-migrate-meta-layouts":"set","ast-page-background-enabled":"default","ast-page-background-meta":{"desktop":{"background-color":"","background-image":"","background-repeat":"repeat","background-position":"center center","background-size":"auto","background-attachment":"scroll","background-type":"","background-media":"","overlay-type":"","overlay-color":"","overlay-opacity":"","overlay-gradient":""},"tablet":{"background-color":"","background-image":"","background-repeat":"repeat","background-position":"center center","background-size":"auto","background-attachment":"scroll","background-type":"","background-media":"","overlay-type":"","overlay-color":"","overlay-opacity":"","overlay-gradient":""},"mobile":{"background-color":"","background-image":"","background-repeat":"repeat","background-position":"center center","background-size":"auto","background-attachment":"scroll","background-type":"","background-media":"","overlay-type":"","overlay-color":"","overlay-opacity":"","overlay-gradient":""}},"ast-content-background-meta":{"desktop":{"background-color":"var(--ast-global-color-5)","background-image":"","background-repeat":"repeat","background-position":"center center","background-size":"auto","background-attachment":"scroll","background-type":"","background-media":"","overlay-type":"","overlay-color":"","overlay-opacity":"","overlay-gradient":""},"tablet":{"background-color":"var(--ast-global-color-5)","background-image":"","background-repeat":"repeat","background-position":"center center","background-size":"auto","background-attachment":"scroll","background-type":"","background-media":"","overlay-type":"","overlay-color":"","overlay-opacity":"","overlay-gradient":""},"mobile":{"background-color":"var(--ast-global-color-5)","background-image":"","background-repeat":"repeat","background-position":"center center","background-size":"auto","background-attachment":"scroll","background-type":"","background-media":"","overlay-type":"","overlay-color":"","overlay-opacity":"","overlay-gradient":""}},"footnotes":""},"categories":[15],"tags":[],"class_list":["post-10499","post","type-post","status-publish","format-standard","has-post-thumbnail","hentry","category-infos"],"yoast_head":"<!-- This site is optimized with the Yoast SEO plugin v27.4 - https:\/\/yoast.com\/product\/yoast-seo-wordpress\/ -->\n<title>Reisebericht \u201eBlaue Reise\u201c Kroatien auf der MS\u2013Sagena - Mit Simone reisen!<\/title>\n<meta name=\"robots\" content=\"index, follow, max-snippet:-1, max-image-preview:large, max-video-preview:-1\" \/>\n<link rel=\"canonical\" href=\"https:\/\/mit-simone-reisen.de\/en_gb\/reisebericht-blaue-reise-kroatien-auf-der-ms-sagena\/\" \/>\n<meta property=\"og:locale\" content=\"en_GB\" \/>\n<meta property=\"og:type\" content=\"article\" \/>\n<meta property=\"og:title\" content=\"Reisebericht \u201eBlaue Reise\u201c Kroatien auf der MS\u2013Sagena - Mit Simone reisen!\" \/>\n<meta property=\"og:description\" content=\"Zu dieser Reise gekommen, bin ich \u201ewie die Jungfrau zum Kind\u201c, sagt man so sch\u00f6n. Man musste mich lange \u00fcberreden, diese Reise in Vertretung von Herrn Kaiser zu \u00fcbernehmen, galt ich doch weder als \u201eWasserratte\u201c, noch Kroatien-Fan. Das sollte sich \u00e4ndern\u2026. Nun ja eine \u201eWasserratte\u201c bin ich bis heute nicht, aber das Wasser kann man [&hellip;]\" \/>\n<meta property=\"og:url\" content=\"https:\/\/mit-simone-reisen.de\/en_gb\/reisebericht-blaue-reise-kroatien-auf-der-ms-sagena\/\" \/>\n<meta property=\"og:site_name\" content=\"Mit Simone reisen!\" \/>\n<meta property=\"article:published_time\" content=\"2022-02-28T14:31:38+00:00\" \/>\n<meta property=\"article:modified_time\" content=\"2024-05-13T10:04:40+00:00\" \/>\n<meta property=\"og:image\" content=\"https:\/\/mit-simone-reisen.de\/wp-content\/uploads\/2022\/03\/kroatien2.jpg\" \/>\n\t<meta property=\"og:image:width\" content=\"1024\" \/>\n\t<meta property=\"og:image:height\" content=\"768\" \/>\n\t<meta property=\"og:image:type\" content=\"image\/jpeg\" \/>\n<meta name=\"author\" content=\"Webdesigner\" \/>\n<meta name=\"twitter:card\" content=\"summary_large_image\" \/>\n<meta name=\"twitter:label1\" content=\"Written by\" \/>\n\t<meta name=\"twitter:data1\" content=\"Webdesigner\" \/>\n\t<meta name=\"twitter:label2\" content=\"Estimated reading time\" \/>\n\t<meta name=\"twitter:data2\" content=\"2 minutes\" \/>\n<script type=\"application\/ld+json\" class=\"yoast-schema-graph\">{\"@context\":\"https:\\\/\\\/schema.org\",\"@graph\":[{\"@type\":\"Article\",\"@id\":\"https:\\\/\\\/mit-simone-reisen.de\\\/reisebericht-blaue-reise-kroatien-auf-der-ms-sagena\\\/#article\",\"isPartOf\":{\"@id\":\"https:\\\/\\\/mit-simone-reisen.de\\\/reisebericht-blaue-reise-kroatien-auf-der-ms-sagena\\\/\"},\"author\":{\"name\":\"Webdesigner\",\"@id\":\"https:\\\/\\\/mit-simone-reisen.de\\\/#\\\/schema\\\/person\\\/2de2f34abfce6a135e411015dcf3f6ca\"},\"headline\":\"Reisebericht \u201eBlaue Reise\u201c Kroatien auf der MS\u2013Sagena\",\"datePublished\":\"2022-02-28T14:31:38+00:00\",\"dateModified\":\"2024-05-13T10:04:40+00:00\",\"mainEntityOfPage\":{\"@id\":\"https:\\\/\\\/mit-simone-reisen.de\\\/reisebericht-blaue-reise-kroatien-auf-der-ms-sagena\\\/\"},\"wordCount\":392,\"commentCount\":0,\"publisher\":{\"@id\":\"https:\\\/\\\/mit-simone-reisen.de\\\/#organization\"},\"image\":{\"@id\":\"https:\\\/\\\/mit-simone-reisen.de\\\/reisebericht-blaue-reise-kroatien-auf-der-ms-sagena\\\/#primaryimage\"},\"thumbnailUrl\":\"https:\\\/\\\/mit-simone-reisen.de\\\/wp-content\\\/uploads\\\/2022\\\/03\\\/kroatien2.jpg\",\"articleSection\":[\"Infos\"],\"inLanguage\":\"en-GB\",\"potentialAction\":[{\"@type\":\"CommentAction\",\"name\":\"Comment\",\"target\":[\"https:\\\/\\\/mit-simone-reisen.de\\\/reisebericht-blaue-reise-kroatien-auf-der-ms-sagena\\\/#respond\"]}]},{\"@type\":\"WebPage\",\"@id\":\"https:\\\/\\\/mit-simone-reisen.de\\\/reisebericht-blaue-reise-kroatien-auf-der-ms-sagena\\\/\",\"url\":\"https:\\\/\\\/mit-simone-reisen.de\\\/reisebericht-blaue-reise-kroatien-auf-der-ms-sagena\\\/\",\"name\":\"Reisebericht \u201eBlaue Reise\u201c Kroatien auf der MS\u2013Sagena - Mit Simone reisen!\",\"isPartOf\":{\"@id\":\"https:\\\/\\\/mit-simone-reisen.de\\\/#website\"},\"primaryImageOfPage\":{\"@id\":\"https:\\\/\\\/mit-simone-reisen.de\\\/reisebericht-blaue-reise-kroatien-auf-der-ms-sagena\\\/#primaryimage\"},\"image\":{\"@id\":\"https:\\\/\\\/mit-simone-reisen.de\\\/reisebericht-blaue-reise-kroatien-auf-der-ms-sagena\\\/#primaryimage\"},\"thumbnailUrl\":\"https:\\\/\\\/mit-simone-reisen.de\\\/wp-content\\\/uploads\\\/2022\\\/03\\\/kroatien2.jpg\",\"datePublished\":\"2022-02-28T14:31:38+00:00\",\"dateModified\":\"2024-05-13T10:04:40+00:00\",\"breadcrumb\":{\"@id\":\"https:\\\/\\\/mit-simone-reisen.de\\\/reisebericht-blaue-reise-kroatien-auf-der-ms-sagena\\\/#breadcrumb\"},\"inLanguage\":\"en-GB\",\"potentialAction\":[{\"@type\":\"ReadAction\",\"target\":[\"https:\\\/\\\/mit-simone-reisen.de\\\/reisebericht-blaue-reise-kroatien-auf-der-ms-sagena\\\/\"]}]},{\"@type\":\"ImageObject\",\"inLanguage\":\"en-GB\",\"@id\":\"https:\\\/\\\/mit-simone-reisen.de\\\/reisebericht-blaue-reise-kroatien-auf-der-ms-sagena\\\/#primaryimage\",\"url\":\"https:\\\/\\\/mit-simone-reisen.de\\\/wp-content\\\/uploads\\\/2022\\\/03\\\/kroatien2.jpg\",\"contentUrl\":\"https:\\\/\\\/mit-simone-reisen.de\\\/wp-content\\\/uploads\\\/2022\\\/03\\\/kroatien2.jpg\",\"width\":1024,\"height\":768,\"caption\":\"Kroatien\"},{\"@type\":\"BreadcrumbList\",\"@id\":\"https:\\\/\\\/mit-simone-reisen.de\\\/reisebericht-blaue-reise-kroatien-auf-der-ms-sagena\\\/#breadcrumb\",\"itemListElement\":[{\"@type\":\"ListItem\",\"position\":1,\"name\":\"Startseite\",\"item\":\"https:\\\/\\\/mit-simone-reisen.de\\\/\"},{\"@type\":\"ListItem\",\"position\":2,\"name\":\"Reisebericht \u201eBlaue Reise\u201c Kroatien auf der MS\u2013Sagena\"}]},{\"@type\":\"WebSite\",\"@id\":\"https:\\\/\\\/mit-simone-reisen.de\\\/#website\",\"url\":\"https:\\\/\\\/mit-simone-reisen.de\\\/\",\"name\":\"Mit Simone reisen!\",\"description\":\"\",\"publisher\":{\"@id\":\"https:\\\/\\\/mit-simone-reisen.de\\\/#organization\"},\"potentialAction\":[{\"@type\":\"SearchAction\",\"target\":{\"@type\":\"EntryPoint\",\"urlTemplate\":\"https:\\\/\\\/mit-simone-reisen.de\\\/?s={search_term_string}\"},\"query-input\":{\"@type\":\"PropertyValueSpecification\",\"valueRequired\":true,\"valueName\":\"search_term_string\"}}],\"inLanguage\":\"en-GB\"},{\"@type\":\"Organization\",\"@id\":\"https:\\\/\\\/mit-simone-reisen.de\\\/#organization\",\"name\":\"Mit Simone reisen!\",\"url\":\"https:\\\/\\\/mit-simone-reisen.de\\\/\",\"logo\":{\"@type\":\"ImageObject\",\"inLanguage\":\"en-GB\",\"@id\":\"https:\\\/\\\/mit-simone-reisen.de\\\/#\\\/schema\\\/logo\\\/image\\\/\",\"url\":\"https:\\\/\\\/mit-simone-reisen.de\\\/wp-content\\\/uploads\\\/2022\\\/02\\\/Bildschirmfoto-2022-02-20-um-14.58.58.png\",\"contentUrl\":\"https:\\\/\\\/mit-simone-reisen.de\\\/wp-content\\\/uploads\\\/2022\\\/02\\\/Bildschirmfoto-2022-02-20-um-14.58.58.png\",\"width\":744,\"height\":356,\"caption\":\"Mit Simone reisen!\"},\"image\":{\"@id\":\"https:\\\/\\\/mit-simone-reisen.de\\\/#\\\/schema\\\/logo\\\/image\\\/\"}},{\"@type\":\"Person\",\"@id\":\"https:\\\/\\\/mit-simone-reisen.de\\\/#\\\/schema\\\/person\\\/2de2f34abfce6a135e411015dcf3f6ca\",\"name\":\"Webdesigner\",\"sameAs\":[\"https:\\\/\\\/mit-simone-reisen.de\"]}]}<\/script>\n<!-- \/ Yoast SEO plugin. -->","yoast_head_json":{"title":"Reisebericht \u201eBlaue Reise\u201c Kroatien auf der MS\u2013Sagena - Mit Simone reisen!","robots":{"index":"index","follow":"follow","max-snippet":"max-snippet:-1","max-image-preview":"max-image-preview:large","max-video-preview":"max-video-preview:-1"},"canonical":"https:\/\/mit-simone-reisen.de\/en_gb\/reisebericht-blaue-reise-kroatien-auf-der-ms-sagena\/","og_locale":"en_GB","og_type":"article","og_title":"Reisebericht \u201eBlaue Reise\u201c Kroatien auf der MS\u2013Sagena - Mit Simone reisen!","og_description":"Zu dieser Reise gekommen, bin ich \u201ewie die Jungfrau zum Kind\u201c, sagt man so sch\u00f6n. Man musste mich lange \u00fcberreden, diese Reise in Vertretung von Herrn Kaiser zu \u00fcbernehmen, galt ich doch weder als \u201eWasserratte\u201c, noch Kroatien-Fan. Das sollte sich \u00e4ndern\u2026. Nun ja eine \u201eWasserratte\u201c bin ich bis heute nicht, aber das Wasser kann man [&hellip;]","og_url":"https:\/\/mit-simone-reisen.de\/en_gb\/reisebericht-blaue-reise-kroatien-auf-der-ms-sagena\/","og_site_name":"Mit Simone reisen!","article_published_time":"2022-02-28T14:31:38+00:00","article_modified_time":"2024-05-13T10:04:40+00:00","og_image":[{"width":1024,"height":768,"url":"https:\/\/mit-simone-reisen.de\/wp-content\/uploads\/2022\/03\/kroatien2.jpg","type":"image\/jpeg"}],"author":"Webdesigner","twitter_card":"summary_large_image","twitter_misc":{"Written by":"Webdesigner","Estimated reading time":"2 minutes"},"schema":{"@context":"https:\/\/schema.org","@graph":[{"@type":"Article","@id":"https:\/\/mit-simone-reisen.de\/reisebericht-blaue-reise-kroatien-auf-der-ms-sagena\/#article","isPartOf":{"@id":"https:\/\/mit-simone-reisen.de\/reisebericht-blaue-reise-kroatien-auf-der-ms-sagena\/"},"author":{"name":"Webdesigner","@id":"https:\/\/mit-simone-reisen.de\/#\/schema\/person\/2de2f34abfce6a135e411015dcf3f6ca"},"headline":"Reisebericht \u201eBlaue Reise\u201c Kroatien auf der MS\u2013Sagena","datePublished":"2022-02-28T14:31:38+00:00","dateModified":"2024-05-13T10:04:40+00:00","mainEntityOfPage":{"@id":"https:\/\/mit-simone-reisen.de\/reisebericht-blaue-reise-kroatien-auf-der-ms-sagena\/"},"wordCount":392,"commentCount":0,"publisher":{"@id":"https:\/\/mit-simone-reisen.de\/#organization"},"image":{"@id":"https:\/\/mit-simone-reisen.de\/reisebericht-blaue-reise-kroatien-auf-der-ms-sagena\/#primaryimage"},"thumbnailUrl":"https:\/\/mit-simone-reisen.de\/wp-content\/uploads\/2022\/03\/kroatien2.jpg","articleSection":["Infos"],"inLanguage":"en-GB","potentialAction":[{"@type":"CommentAction","name":"Comment","target":["https:\/\/mit-simone-reisen.de\/reisebericht-blaue-reise-kroatien-auf-der-ms-sagena\/#respond"]}]},{"@type":"WebPage","@id":"https:\/\/mit-simone-reisen.de\/reisebericht-blaue-reise-kroatien-auf-der-ms-sagena\/","url":"https:\/\/mit-simone-reisen.de\/reisebericht-blaue-reise-kroatien-auf-der-ms-sagena\/","name":"Reisebericht \u201eBlaue Reise\u201c Kroatien auf der MS\u2013Sagena - Mit Simone reisen!","isPartOf":{"@id":"https:\/\/mit-simone-reisen.de\/#website"},"primaryImageOfPage":{"@id":"https:\/\/mit-simone-reisen.de\/reisebericht-blaue-reise-kroatien-auf-der-ms-sagena\/#primaryimage"},"image":{"@id":"https:\/\/mit-simone-reisen.de\/reisebericht-blaue-reise-kroatien-auf-der-ms-sagena\/#primaryimage"},"thumbnailUrl":"https:\/\/mit-simone-reisen.de\/wp-content\/uploads\/2022\/03\/kroatien2.jpg","datePublished":"2022-02-28T14:31:38+00:00","dateModified":"2024-05-13T10:04:40+00:00","breadcrumb":{"@id":"https:\/\/mit-simone-reisen.de\/reisebericht-blaue-reise-kroatien-auf-der-ms-sagena\/#breadcrumb"},"inLanguage":"en-GB","potentialAction":[{"@type":"ReadAction","target":["https:\/\/mit-simone-reisen.de\/reisebericht-blaue-reise-kroatien-auf-der-ms-sagena\/"]}]},{"@type":"ImageObject","inLanguage":"en-GB","@id":"https:\/\/mit-simone-reisen.de\/reisebericht-blaue-reise-kroatien-auf-der-ms-sagena\/#primaryimage","url":"https:\/\/mit-simone-reisen.de\/wp-content\/uploads\/2022\/03\/kroatien2.jpg","contentUrl":"https:\/\/mit-simone-reisen.de\/wp-content\/uploads\/2022\/03\/kroatien2.jpg","width":1024,"height":768,"caption":"Kroatien"},{"@type":"BreadcrumbList","@id":"https:\/\/mit-simone-reisen.de\/reisebericht-blaue-reise-kroatien-auf-der-ms-sagena\/#breadcrumb","itemListElement":[{"@type":"ListItem","position":1,"name":"Startseite","item":"https:\/\/mit-simone-reisen.de\/"},{"@type":"ListItem","position":2,"name":"Reisebericht \u201eBlaue Reise\u201c Kroatien auf der MS\u2013Sagena"}]},{"@type":"WebSite","@id":"https:\/\/mit-simone-reisen.de\/#website","url":"https:\/\/mit-simone-reisen.de\/","name":"travel with simone!","description":"","publisher":{"@id":"https:\/\/mit-simone-reisen.de\/#organization"},"potentialAction":[{"@type":"SearchAction","target":{"@type":"EntryPoint","urlTemplate":"https:\/\/mit-simone-reisen.de\/?s={search_term_string}"},"query-input":{"@type":"PropertyValueSpecification","valueRequired":true,"valueName":"search_term_string"}}],"inLanguage":"en-GB"},{"@type":"Organization","@id":"https:\/\/mit-simone-reisen.de\/#organization","name":"travel with simone!","url":"https:\/\/mit-simone-reisen.de\/","logo":{"@type":"ImageObject","inLanguage":"en-GB","@id":"https:\/\/mit-simone-reisen.de\/#\/schema\/logo\/image\/","url":"https:\/\/mit-simone-reisen.de\/wp-content\/uploads\/2022\/02\/Bildschirmfoto-2022-02-20-um-14.58.58.png","contentUrl":"https:\/\/mit-simone-reisen.de\/wp-content\/uploads\/2022\/02\/Bildschirmfoto-2022-02-20-um-14.58.58.png","width":744,"height":356,"caption":"Mit Simone reisen!"},"image":{"@id":"https:\/\/mit-simone-reisen.de\/#\/schema\/logo\/image\/"}},{"@type":"Person","@id":"https:\/\/mit-simone-reisen.de\/#\/schema\/person\/2de2f34abfce6a135e411015dcf3f6ca","name":"Webdesigner","sameAs":["https:\/\/mit-simone-reisen.de"]}]}},"_links":{"self":[{"href":"https:\/\/mit-simone-reisen.de\/en_gb\/wp-json\/wp\/v2\/posts\/10499","targetHints":{"allow":["GET"]}}],"collection":[{"href":"https:\/\/mit-simone-reisen.de\/en_gb\/wp-json\/wp\/v2\/posts"}],"about":[{"href":"https:\/\/mit-simone-reisen.de\/en_gb\/wp-json\/wp\/v2\/types\/post"}],"author":[{"embeddable":true,"href":"https:\/\/mit-simone-reisen.de\/en_gb\/wp-json\/wp\/v2\/users\/1"}],"replies":[{"embeddable":true,"href":"https:\/\/mit-simone-reisen.de\/en_gb\/wp-json\/wp\/v2\/comments?post=10499"}],"version-history":[{"count":7,"href":"https:\/\/mit-simone-reisen.de\/en_gb\/wp-json\/wp\/v2\/posts\/10499\/revisions"}],"predecessor-version":[{"id":11350,"href":"https:\/\/mit-simone-reisen.de\/en_gb\/wp-json\/wp\/v2\/posts\/10499\/revisions\/11350"}],"wp:featuredmedia":[{"embeddable":true,"href":"https:\/\/mit-simone-reisen.de\/en_gb\/wp-json\/wp\/v2\/media\/11098"}],"wp:attachment":[{"href":"https:\/\/mit-simone-reisen.de\/en_gb\/wp-json\/wp\/v2\/media?parent=10499"}],"wp:term":[{"taxonomy":"category","embeddable":true,"href":"https:\/\/mit-simone-reisen.de\/en_gb\/wp-json\/wp\/v2\/categories?post=10499"},{"taxonomy":"post_tag","embeddable":true,"href":"https:\/\/mit-simone-reisen.de\/en_gb\/wp-json\/wp\/v2\/tags?post=10499"}],"curies":[{"name":"wp","href":"https:\/\/api.w.org\/{rel}","templated":true}]}}