{"id":10497,"date":"2022-02-28T15:28:32","date_gmt":"2022-02-28T14:28:32","guid":{"rendered":"https:\/\/mit-simone-reisen.de\/?p=10497"},"modified":"2022-03-15T11:17:34","modified_gmt":"2022-03-15T10:17:34","slug":"uebernahme-elster-tourist-aus-gera-von-hans-peter-kaiser","status":"publish","type":"post","link":"https:\/\/mit-simone-reisen.de\/en_gb\/uebernahme-elster-tourist-aus-gera-von-hans-peter-kaiser\/","title":{"rendered":"\u00dcbernahme Elster-Tourist Gera von Hans-Peter Kaiser?"},"content":{"rendered":"<p><strong><u>Gab es eine \u00dcbernahme von Elster-Tourist Gera von Hans-Peter Kaiser ?<\/u><\/strong><\/p>\n<p><strong>\u00a0<\/strong>\u2026\u2026um die Frage vorab zu beantworten, definitiv NEIN !<\/p>\n<p>Hans-Peter Kaiser und somit Elster-Tourist Gera gibt es leider nicht mehr. Mit seiner unverwechselbaren Art und seinen vielf\u00e4ltig speziellen Reisen, war er ein liebenswerter Exot in der Reisebranche. Er hinterlie\u00df eine gro\u00dfe L\u00fccke, u.a. auch bei all seinen Reisefreunden.<\/p>\n<p><img fetchpriority=\"high\" decoding=\"async\" class=\"size-medium wp-image-11126 aligncenter\" src=\"https:\/\/mit-simone-reisen.de\/wp-content\/uploads\/2022\/02\/kaiser-234x300.jpg\" alt=\"\" width=\"234\" height=\"300\" srcset=\"https:\/\/mit-simone-reisen.de\/wp-content\/uploads\/2022\/02\/kaiser-234x300.jpg 234w, https:\/\/mit-simone-reisen.de\/wp-content\/uploads\/2022\/02\/kaiser-9x12.jpg 9w, https:\/\/mit-simone-reisen.de\/wp-content\/uploads\/2022\/02\/kaiser.jpg 433w\" sizes=\"(max-width: 234px) 100vw, 234px\" \/><\/p>\n<p>&nbsp;<\/p>\n<p>Einen Bruchteil dieser L\u00fccke m\u00f6chte ich, auch in Gedenken an ihn, mit einigen besonderen Reisen f\u00fcllen.<\/p>\n<p>Hans-Peter Kaiser war ein Mentor und guter Freund f\u00fcr mich und mein Projekt \u201emit-Simone-Reisen\u201c w\u00e4re ganz sicher in seinem Sinne. Und wer wei\u00df, vielleicht ist er ja irgendwie immer noch mit dabei\u2026\u2026.<\/p>","protected":false},"excerpt":{"rendered":"<p>Gab es eine \u00dcbernahme von Elster-Tourist Gera von Hans-Peter Kaiser ? \u00a0\u2026\u2026um die Frage vorab zu beantworten, definitiv NEIN ! Hans-Peter Kaiser und somit Elster-Tourist Gera gibt es leider nicht mehr. Mit seiner unverwechselbaren Art und seinen vielf\u00e4ltig speziellen Reisen, war er ein liebenswerter Exot in der Reisebranche. Er hinterlie\u00df eine gro\u00dfe L\u00fccke, u.a. auch [&hellip;]<\/p>\n","protected":false},"author":1,"featured_media":11121,"comment_status":"open","ping_status":"open","sticky":false,"template":"","format":"standard","meta":{"site-sidebar-layout":"default","site-content-layout":"default","ast-site-content-layout":"default","site-content-style":"default","site-sidebar-style":"default","ast-global-header-display":"","ast-banner-title-visibility":"","ast-main-header-display":"","ast-hfb-above-header-display":"","ast-hfb-below-header-display":"","ast-hfb-mobile-header-display":"","site-post-title":"","ast-breadcrumbs-content":"","ast-featured-img":"","footer-sml-layout":"","ast-disable-related-posts":"","theme-transparent-header-meta":"","adv-header-id-meta":"","stick-header-meta":"","header-above-stick-meta":"","header-main-stick-meta":"","header-below-stick-meta":"","astra-migrate-meta-layouts":"default","ast-page-background-enabled":"default","ast-page-background-meta":{"desktop":{"background-color":"","background-image":"","background-repeat":"repeat","background-position":"center center","background-size":"auto","background-attachment":"scroll","background-type":"","background-media":"","overlay-type":"","overlay-color":"","overlay-opacity":"","overlay-gradient":""},"tablet":{"background-color":"","background-image":"","background-repeat":"repeat","background-position":"center center","background-size":"auto","background-attachment":"scroll","background-type":"","background-media":"","overlay-type":"","overlay-color":"","overlay-opacity":"","overlay-gradient":""},"mobile":{"background-color":"","background-image":"","background-repeat":"repeat","background-position":"center center","background-size":"auto","background-attachment":"scroll","background-type":"","background-media":"","overlay-type":"","overlay-color":"","overlay-opacity":"","overlay-gradient":""}},"ast-content-background-meta":{"desktop":{"background-color":"var(--ast-global-color-5)","background-image":"","background-repeat":"repeat","background-position":"center center","background-size":"auto","background-attachment":"scroll","background-type":"","background-media":"","overlay-type":"","overlay-color":"","overlay-opacity":"","overlay-gradient":""},"tablet":{"background-color":"var(--ast-global-color-5)","background-image":"","background-repeat":"repeat","background-position":"center center","background-size":"auto","background-attachment":"scroll","background-type":"","background-media":"","overlay-type":"","overlay-color":"","overlay-opacity":"","overlay-gradient":""},"mobile":{"background-color":"var(--ast-global-color-5)","background-image":"","background-repeat":"repeat","background-position":"center center","background-size":"auto","background-attachment":"scroll","background-type":"","background-media":"","overlay-type":"","overlay-color":"","overlay-opacity":"","overlay-gradient":""}},"footnotes":""},"categories":[15],"tags":[],"class_list":["post-10497","post","type-post","status-publish","format-standard","has-post-thumbnail","hentry","category-infos"],"yoast_head":"<!-- This site is optimized with the Yoast SEO plugin v27.4 - https:\/\/yoast.com\/product\/yoast-seo-wordpress\/ -->\n<title>\u00dcbernahme Elster-Tourist Gera von Hans-Peter Kaiser? - Mit Simone reisen!<\/title>\n<meta name=\"robots\" content=\"index, follow, max-snippet:-1, max-image-preview:large, max-video-preview:-1\" \/>\n<link rel=\"canonical\" href=\"https:\/\/mit-simone-reisen.de\/en_gb\/uebernahme-elster-tourist-aus-gera-von-hans-peter-kaiser\/\" \/>\n<meta property=\"og:locale\" content=\"en_GB\" \/>\n<meta property=\"og:type\" content=\"article\" \/>\n<meta property=\"og:title\" content=\"\u00dcbernahme Elster-Tourist Gera von Hans-Peter Kaiser? - Mit Simone reisen!\" \/>\n<meta property=\"og:description\" content=\"Gab es eine \u00dcbernahme von Elster-Tourist Gera von Hans-Peter Kaiser ? \u00a0\u2026\u2026um die Frage vorab zu beantworten, definitiv NEIN ! Hans-Peter Kaiser und somit Elster-Tourist Gera gibt es leider nicht mehr. Mit seiner unverwechselbaren Art und seinen vielf\u00e4ltig speziellen Reisen, war er ein liebenswerter Exot in der Reisebranche. Er hinterlie\u00df eine gro\u00dfe L\u00fccke, u.a. auch [&hellip;]\" \/>\n<meta property=\"og:url\" content=\"https:\/\/mit-simone-reisen.de\/en_gb\/uebernahme-elster-tourist-aus-gera-von-hans-peter-kaiser\/\" \/>\n<meta property=\"og:site_name\" content=\"Mit Simone reisen!\" \/>\n<meta property=\"article:published_time\" content=\"2022-02-28T14:28:32+00:00\" \/>\n<meta property=\"article:modified_time\" content=\"2022-03-15T10:17:34+00:00\" \/>\n<meta property=\"og:image\" content=\"https:\/\/mit-simone-reisen.de\/wp-content\/uploads\/2022\/03\/elster-tourist.jpg\" \/>\n\t<meta property=\"og:image:width\" content=\"1024\" \/>\n\t<meta property=\"og:image:height\" content=\"678\" \/>\n\t<meta property=\"og:image:type\" content=\"image\/jpeg\" \/>\n<meta name=\"author\" content=\"Webdesigner\" \/>\n<meta name=\"twitter:card\" content=\"summary_large_image\" \/>\n<meta name=\"twitter:label1\" content=\"Written by\" \/>\n\t<meta name=\"twitter:data1\" content=\"Webdesigner\" \/>\n\t<meta name=\"twitter:label2\" content=\"Estimated reading time\" \/>\n\t<meta name=\"twitter:data2\" content=\"1 minute\" \/>\n<script type=\"application\/ld+json\" class=\"yoast-schema-graph\">{\"@context\":\"https:\\\/\\\/schema.org\",\"@graph\":[{\"@type\":\"Article\",\"@id\":\"https:\\\/\\\/mit-simone-reisen.de\\\/uebernahme-elster-tourist-aus-gera-von-hans-peter-kaiser\\\/#article\",\"isPartOf\":{\"@id\":\"https:\\\/\\\/mit-simone-reisen.de\\\/uebernahme-elster-tourist-aus-gera-von-hans-peter-kaiser\\\/\"},\"author\":{\"name\":\"Webdesigner\",\"@id\":\"https:\\\/\\\/mit-simone-reisen.de\\\/#\\\/schema\\\/person\\\/2de2f34abfce6a135e411015dcf3f6ca\"},\"headline\":\"\u00dcbernahme Elster-Tourist Gera von Hans-Peter Kaiser?\",\"datePublished\":\"2022-02-28T14:28:32+00:00\",\"dateModified\":\"2022-03-15T10:17:34+00:00\",\"mainEntityOfPage\":{\"@id\":\"https:\\\/\\\/mit-simone-reisen.de\\\/uebernahme-elster-tourist-aus-gera-von-hans-peter-kaiser\\\/\"},\"wordCount\":121,\"commentCount\":0,\"publisher\":{\"@id\":\"https:\\\/\\\/mit-simone-reisen.de\\\/#organization\"},\"image\":{\"@id\":\"https:\\\/\\\/mit-simone-reisen.de\\\/uebernahme-elster-tourist-aus-gera-von-hans-peter-kaiser\\\/#primaryimage\"},\"thumbnailUrl\":\"https:\\\/\\\/mit-simone-reisen.de\\\/wp-content\\\/uploads\\\/2022\\\/03\\\/elster-tourist.jpg\",\"articleSection\":[\"Infos\"],\"inLanguage\":\"en-GB\",\"potentialAction\":[{\"@type\":\"CommentAction\",\"name\":\"Comment\",\"target\":[\"https:\\\/\\\/mit-simone-reisen.de\\\/uebernahme-elster-tourist-aus-gera-von-hans-peter-kaiser\\\/#respond\"]}]},{\"@type\":\"WebPage\",\"@id\":\"https:\\\/\\\/mit-simone-reisen.de\\\/uebernahme-elster-tourist-aus-gera-von-hans-peter-kaiser\\\/\",\"url\":\"https:\\\/\\\/mit-simone-reisen.de\\\/uebernahme-elster-tourist-aus-gera-von-hans-peter-kaiser\\\/\",\"name\":\"\u00dcbernahme Elster-Tourist Gera von Hans-Peter Kaiser? - Mit Simone reisen!\",\"isPartOf\":{\"@id\":\"https:\\\/\\\/mit-simone-reisen.de\\\/#website\"},\"primaryImageOfPage\":{\"@id\":\"https:\\\/\\\/mit-simone-reisen.de\\\/uebernahme-elster-tourist-aus-gera-von-hans-peter-kaiser\\\/#primaryimage\"},\"image\":{\"@id\":\"https:\\\/\\\/mit-simone-reisen.de\\\/uebernahme-elster-tourist-aus-gera-von-hans-peter-kaiser\\\/#primaryimage\"},\"thumbnailUrl\":\"https:\\\/\\\/mit-simone-reisen.de\\\/wp-content\\\/uploads\\\/2022\\\/03\\\/elster-tourist.jpg\",\"datePublished\":\"2022-02-28T14:28:32+00:00\",\"dateModified\":\"2022-03-15T10:17:34+00:00\",\"breadcrumb\":{\"@id\":\"https:\\\/\\\/mit-simone-reisen.de\\\/uebernahme-elster-tourist-aus-gera-von-hans-peter-kaiser\\\/#breadcrumb\"},\"inLanguage\":\"en-GB\",\"potentialAction\":[{\"@type\":\"ReadAction\",\"target\":[\"https:\\\/\\\/mit-simone-reisen.de\\\/uebernahme-elster-tourist-aus-gera-von-hans-peter-kaiser\\\/\"]}]},{\"@type\":\"ImageObject\",\"inLanguage\":\"en-GB\",\"@id\":\"https:\\\/\\\/mit-simone-reisen.de\\\/uebernahme-elster-tourist-aus-gera-von-hans-peter-kaiser\\\/#primaryimage\",\"url\":\"https:\\\/\\\/mit-simone-reisen.de\\\/wp-content\\\/uploads\\\/2022\\\/03\\\/elster-tourist.jpg\",\"contentUrl\":\"https:\\\/\\\/mit-simone-reisen.de\\\/wp-content\\\/uploads\\\/2022\\\/03\\\/elster-tourist.jpg\",\"width\":1024,\"height\":678},{\"@type\":\"BreadcrumbList\",\"@id\":\"https:\\\/\\\/mit-simone-reisen.de\\\/uebernahme-elster-tourist-aus-gera-von-hans-peter-kaiser\\\/#breadcrumb\",\"itemListElement\":[{\"@type\":\"ListItem\",\"position\":1,\"name\":\"Startseite\",\"item\":\"https:\\\/\\\/mit-simone-reisen.de\\\/\"},{\"@type\":\"ListItem\",\"position\":2,\"name\":\"\u00dcbernahme Elster-Tourist Gera von Hans-Peter Kaiser?\"}]},{\"@type\":\"WebSite\",\"@id\":\"https:\\\/\\\/mit-simone-reisen.de\\\/#website\",\"url\":\"https:\\\/\\\/mit-simone-reisen.de\\\/\",\"name\":\"Mit Simone reisen!\",\"description\":\"\",\"publisher\":{\"@id\":\"https:\\\/\\\/mit-simone-reisen.de\\\/#organization\"},\"potentialAction\":[{\"@type\":\"SearchAction\",\"target\":{\"@type\":\"EntryPoint\",\"urlTemplate\":\"https:\\\/\\\/mit-simone-reisen.de\\\/?s={search_term_string}\"},\"query-input\":{\"@type\":\"PropertyValueSpecification\",\"valueRequired\":true,\"valueName\":\"search_term_string\"}}],\"inLanguage\":\"en-GB\"},{\"@type\":\"Organization\",\"@id\":\"https:\\\/\\\/mit-simone-reisen.de\\\/#organization\",\"name\":\"Mit Simone reisen!\",\"url\":\"https:\\\/\\\/mit-simone-reisen.de\\\/\",\"logo\":{\"@type\":\"ImageObject\",\"inLanguage\":\"en-GB\",\"@id\":\"https:\\\/\\\/mit-simone-reisen.de\\\/#\\\/schema\\\/logo\\\/image\\\/\",\"url\":\"https:\\\/\\\/mit-simone-reisen.de\\\/wp-content\\\/uploads\\\/2022\\\/02\\\/Bildschirmfoto-2022-02-20-um-14.58.58.png\",\"contentUrl\":\"https:\\\/\\\/mit-simone-reisen.de\\\/wp-content\\\/uploads\\\/2022\\\/02\\\/Bildschirmfoto-2022-02-20-um-14.58.58.png\",\"width\":744,\"height\":356,\"caption\":\"Mit Simone reisen!\"},\"image\":{\"@id\":\"https:\\\/\\\/mit-simone-reisen.de\\\/#\\\/schema\\\/logo\\\/image\\\/\"}},{\"@type\":\"Person\",\"@id\":\"https:\\\/\\\/mit-simone-reisen.de\\\/#\\\/schema\\\/person\\\/2de2f34abfce6a135e411015dcf3f6ca\",\"name\":\"Webdesigner\",\"sameAs\":[\"https:\\\/\\\/mit-simone-reisen.de\"]}]}<\/script>\n<!-- \/ Yoast SEO plugin. -->","yoast_head_json":{"title":"\u00dcbernahme Elster-Tourist Gera von Hans-Peter Kaiser? - Mit Simone reisen!","robots":{"index":"index","follow":"follow","max-snippet":"max-snippet:-1","max-image-preview":"max-image-preview:large","max-video-preview":"max-video-preview:-1"},"canonical":"https:\/\/mit-simone-reisen.de\/en_gb\/uebernahme-elster-tourist-aus-gera-von-hans-peter-kaiser\/","og_locale":"en_GB","og_type":"article","og_title":"\u00dcbernahme Elster-Tourist Gera von Hans-Peter Kaiser? - Mit Simone reisen!","og_description":"Gab es eine \u00dcbernahme von Elster-Tourist Gera von Hans-Peter Kaiser ? \u00a0\u2026\u2026um die Frage vorab zu beantworten, definitiv NEIN ! Hans-Peter Kaiser und somit Elster-Tourist Gera gibt es leider nicht mehr. Mit seiner unverwechselbaren Art und seinen vielf\u00e4ltig speziellen Reisen, war er ein liebenswerter Exot in der Reisebranche. Er hinterlie\u00df eine gro\u00dfe L\u00fccke, u.a. auch [&hellip;]","og_url":"https:\/\/mit-simone-reisen.de\/en_gb\/uebernahme-elster-tourist-aus-gera-von-hans-peter-kaiser\/","og_site_name":"Mit Simone reisen!","article_published_time":"2022-02-28T14:28:32+00:00","article_modified_time":"2022-03-15T10:17:34+00:00","og_image":[{"width":1024,"height":678,"url":"https:\/\/mit-simone-reisen.de\/wp-content\/uploads\/2022\/03\/elster-tourist.jpg","type":"image\/jpeg"}],"author":"Webdesigner","twitter_card":"summary_large_image","twitter_misc":{"Written by":"Webdesigner","Estimated reading time":"1 minute"},"schema":{"@context":"https:\/\/schema.org","@graph":[{"@type":"Article","@id":"https:\/\/mit-simone-reisen.de\/uebernahme-elster-tourist-aus-gera-von-hans-peter-kaiser\/#article","isPartOf":{"@id":"https:\/\/mit-simone-reisen.de\/uebernahme-elster-tourist-aus-gera-von-hans-peter-kaiser\/"},"author":{"name":"Webdesigner","@id":"https:\/\/mit-simone-reisen.de\/#\/schema\/person\/2de2f34abfce6a135e411015dcf3f6ca"},"headline":"\u00dcbernahme Elster-Tourist Gera von Hans-Peter Kaiser?","datePublished":"2022-02-28T14:28:32+00:00","dateModified":"2022-03-15T10:17:34+00:00","mainEntityOfPage":{"@id":"https:\/\/mit-simone-reisen.de\/uebernahme-elster-tourist-aus-gera-von-hans-peter-kaiser\/"},"wordCount":121,"commentCount":0,"publisher":{"@id":"https:\/\/mit-simone-reisen.de\/#organization"},"image":{"@id":"https:\/\/mit-simone-reisen.de\/uebernahme-elster-tourist-aus-gera-von-hans-peter-kaiser\/#primaryimage"},"thumbnailUrl":"https:\/\/mit-simone-reisen.de\/wp-content\/uploads\/2022\/03\/elster-tourist.jpg","articleSection":["Infos"],"inLanguage":"en-GB","potentialAction":[{"@type":"CommentAction","name":"Comment","target":["https:\/\/mit-simone-reisen.de\/uebernahme-elster-tourist-aus-gera-von-hans-peter-kaiser\/#respond"]}]},{"@type":"WebPage","@id":"https:\/\/mit-simone-reisen.de\/uebernahme-elster-tourist-aus-gera-von-hans-peter-kaiser\/","url":"https:\/\/mit-simone-reisen.de\/uebernahme-elster-tourist-aus-gera-von-hans-peter-kaiser\/","name":"\u00dcbernahme Elster-Tourist Gera von Hans-Peter Kaiser? - Mit Simone reisen!","isPartOf":{"@id":"https:\/\/mit-simone-reisen.de\/#website"},"primaryImageOfPage":{"@id":"https:\/\/mit-simone-reisen.de\/uebernahme-elster-tourist-aus-gera-von-hans-peter-kaiser\/#primaryimage"},"image":{"@id":"https:\/\/mit-simone-reisen.de\/uebernahme-elster-tourist-aus-gera-von-hans-peter-kaiser\/#primaryimage"},"thumbnailUrl":"https:\/\/mit-simone-reisen.de\/wp-content\/uploads\/2022\/03\/elster-tourist.jpg","datePublished":"2022-02-28T14:28:32+00:00","dateModified":"2022-03-15T10:17:34+00:00","breadcrumb":{"@id":"https:\/\/mit-simone-reisen.de\/uebernahme-elster-tourist-aus-gera-von-hans-peter-kaiser\/#breadcrumb"},"inLanguage":"en-GB","potentialAction":[{"@type":"ReadAction","target":["https:\/\/mit-simone-reisen.de\/uebernahme-elster-tourist-aus-gera-von-hans-peter-kaiser\/"]}]},{"@type":"ImageObject","inLanguage":"en-GB","@id":"https:\/\/mit-simone-reisen.de\/uebernahme-elster-tourist-aus-gera-von-hans-peter-kaiser\/#primaryimage","url":"https:\/\/mit-simone-reisen.de\/wp-content\/uploads\/2022\/03\/elster-tourist.jpg","contentUrl":"https:\/\/mit-simone-reisen.de\/wp-content\/uploads\/2022\/03\/elster-tourist.jpg","width":1024,"height":678},{"@type":"BreadcrumbList","@id":"https:\/\/mit-simone-reisen.de\/uebernahme-elster-tourist-aus-gera-von-hans-peter-kaiser\/#breadcrumb","itemListElement":[{"@type":"ListItem","position":1,"name":"Startseite","item":"https:\/\/mit-simone-reisen.de\/"},{"@type":"ListItem","position":2,"name":"\u00dcbernahme Elster-Tourist Gera von Hans-Peter Kaiser?"}]},{"@type":"WebSite","@id":"https:\/\/mit-simone-reisen.de\/#website","url":"https:\/\/mit-simone-reisen.de\/","name":"travel with simone!","description":"","publisher":{"@id":"https:\/\/mit-simone-reisen.de\/#organization"},"potentialAction":[{"@type":"SearchAction","target":{"@type":"EntryPoint","urlTemplate":"https:\/\/mit-simone-reisen.de\/?s={search_term_string}"},"query-input":{"@type":"PropertyValueSpecification","valueRequired":true,"valueName":"search_term_string"}}],"inLanguage":"en-GB"},{"@type":"Organization","@id":"https:\/\/mit-simone-reisen.de\/#organization","name":"travel with simone!","url":"https:\/\/mit-simone-reisen.de\/","logo":{"@type":"ImageObject","inLanguage":"en-GB","@id":"https:\/\/mit-simone-reisen.de\/#\/schema\/logo\/image\/","url":"https:\/\/mit-simone-reisen.de\/wp-content\/uploads\/2022\/02\/Bildschirmfoto-2022-02-20-um-14.58.58.png","contentUrl":"https:\/\/mit-simone-reisen.de\/wp-content\/uploads\/2022\/02\/Bildschirmfoto-2022-02-20-um-14.58.58.png","width":744,"height":356,"caption":"Mit Simone reisen!"},"image":{"@id":"https:\/\/mit-simone-reisen.de\/#\/schema\/logo\/image\/"}},{"@type":"Person","@id":"https:\/\/mit-simone-reisen.de\/#\/schema\/person\/2de2f34abfce6a135e411015dcf3f6ca","name":"Webdesigner","sameAs":["https:\/\/mit-simone-reisen.de"]}]}},"_links":{"self":[{"href":"https:\/\/mit-simone-reisen.de\/en_gb\/wp-json\/wp\/v2\/posts\/10497","targetHints":{"allow":["GET"]}}],"collection":[{"href":"https:\/\/mit-simone-reisen.de\/en_gb\/wp-json\/wp\/v2\/posts"}],"about":[{"href":"https:\/\/mit-simone-reisen.de\/en_gb\/wp-json\/wp\/v2\/types\/post"}],"author":[{"embeddable":true,"href":"https:\/\/mit-simone-reisen.de\/en_gb\/wp-json\/wp\/v2\/users\/1"}],"replies":[{"embeddable":true,"href":"https:\/\/mit-simone-reisen.de\/en_gb\/wp-json\/wp\/v2\/comments?post=10497"}],"version-history":[{"count":7,"href":"https:\/\/mit-simone-reisen.de\/en_gb\/wp-json\/wp\/v2\/posts\/10497\/revisions"}],"predecessor-version":[{"id":11127,"href":"https:\/\/mit-simone-reisen.de\/en_gb\/wp-json\/wp\/v2\/posts\/10497\/revisions\/11127"}],"wp:featuredmedia":[{"embeddable":true,"href":"https:\/\/mit-simone-reisen.de\/en_gb\/wp-json\/wp\/v2\/media\/11121"}],"wp:attachment":[{"href":"https:\/\/mit-simone-reisen.de\/en_gb\/wp-json\/wp\/v2\/media?parent=10497"}],"wp:term":[{"taxonomy":"category","embeddable":true,"href":"https:\/\/mit-simone-reisen.de\/en_gb\/wp-json\/wp\/v2\/categories?post=10497"},{"taxonomy":"post_tag","embeddable":true,"href":"https:\/\/mit-simone-reisen.de\/en_gb\/wp-json\/wp\/v2\/tags?post=10497"}],"curies":[{"name":"wp","href":"https:\/\/api.w.org\/{rel}","templated":true}]}}